{"id":1466,"date":"2023-02-26T11:47:29","date_gmt":"2023-02-26T11:47:29","guid":{"rendered":"https:\/\/sorlasean.eus\/?p=1466"},"modified":"2023-02-26T11:47:29","modified_gmt":"2023-02-26T11:47:29","slug":"sorlasean-dentro-de-al-pogramacion-artherria","status":"publish","type":"post","link":"https:\/\/sorlasean.eus\/es\/sorlasean-dentro-de-al-pogramacion-artherria\/","title":{"rendered":"Sorlasean dentro de al pogramaci\u00f3n ARTherria"},"content":{"rendered":"<p>El 11 de febrero se llev\u00f3 a cabo en esta localidad de la Llanada Alavesa una iniciativa para presentar y compartir sus obras a artistas de Salvatierra y pueblos cercanos. La asociaci\u00f3n Uraska fue la organizadora de la misma, y esta asociaci\u00f3n es la que organiza en Agurain los grupos Sorlasean.<\/p>\n<p>Por ello, las fotograf\u00edas de nuestros grupos estuvieron expuestas en la exposici\u00f3n organizada en Zabalarte<\/p>\n<p>&nbsp;<\/p>\n<p><img loading=\"lazy\" decoding=\"async\" class=\"alignnone size-medium wp-image-1448\" src=\"https:\/\/sorlasean.eus\/wp-content\/uploads\/2023\/02\/1677344494870-231x300.jpg\" alt=\"\" width=\"231\" height=\"300\" title=\"\"><\/p>\n<p>Adem\u00e1s, tanto por la ma\u00f1ana como por la tarde, realic\u00e9 la sesi\u00f3n de cuentos &#8220;Itsasontzi baten&#8221;, invitando a ni\u00f1xs y mayores a viajar por la inmensidad del mar.<\/p>\n<div style=\"width: 640px;\" class=\"wp-video\"><video class=\"wp-video-shortcode\" id=\"video-1466-1\" width=\"640\" height=\"480\" preload=\"metadata\" controls=\"controls\"><source type=\"video\/mp4\" src=\"https:\/\/sorlasean.eus\/wp-content\/uploads\/2023\/02\/VID-20230211-WA0009.mp4?_=1\" \/><a href=\"https:\/\/sorlasean.eus\/wp-content\/uploads\/2023\/02\/VID-20230211-WA0009.mp4\">https:\/\/sorlasean.eus\/wp-content\/uploads\/2023\/02\/VID-20230211-WA0009.mp4<\/a><\/video><\/div>\n","protected":false},"excerpt":{"rendered":"<p>El 11 de febrero se llev\u00f3 a cabo en esta localidad de la Llanada Alavesa una iniciativa para presentar y compartir sus obras a artistas de Salvatierra y pueblos cercanos. La asociaci\u00f3n Uraska fue la organizadora de la misma, y esta asociaci\u00f3n es la que organiza en Agurain los grupos Sorlasean. Por ello, las fotograf\u00edas [&hellip;]<\/p>\n","protected":false},"author":3,"featured_media":1446,"comment_status":"open","ping_status":"open","sticky":false,"template":"","format":"standard","meta":{"_et_pb_use_builder":"","_et_pb_old_content":"","_et_gb_content_width":"","_monsterinsights_skip_tracking":false,"_monsterinsights_sitenote_active":false,"_monsterinsights_sitenote_note":"","_monsterinsights_sitenote_category":0,"footnotes":""},"categories":[48,47,2],"tags":[],"class_list":["post-1466","post","type-post","status-publish","format-standard","has-post-thumbnail","hentry","category-cuentacuentos","category-llanada-alavesa","category-noticias"],"_links":{"self":[{"href":"https:\/\/sorlasean.eus\/es\/wp-json\/wp\/v2\/posts\/1466","targetHints":{"allow":["GET"]}}],"collection":[{"href":"https:\/\/sorlasean.eus\/es\/wp-json\/wp\/v2\/posts"}],"about":[{"href":"https:\/\/sorlasean.eus\/es\/wp-json\/wp\/v2\/types\/post"}],"author":[{"embeddable":true,"href":"https:\/\/sorlasean.eus\/es\/wp-json\/wp\/v2\/users\/3"}],"replies":[{"embeddable":true,"href":"https:\/\/sorlasean.eus\/es\/wp-json\/wp\/v2\/comments?post=1466"}],"version-history":[{"count":1,"href":"https:\/\/sorlasean.eus\/es\/wp-json\/wp\/v2\/posts\/1466\/revisions"}],"predecessor-version":[{"id":1467,"href":"https:\/\/sorlasean.eus\/es\/wp-json\/wp\/v2\/posts\/1466\/revisions\/1467"}],"wp:featuredmedia":[{"embeddable":true,"href":"https:\/\/sorlasean.eus\/es\/wp-json\/wp\/v2\/media\/1446"}],"wp:attachment":[{"href":"https:\/\/sorlasean.eus\/es\/wp-json\/wp\/v2\/media?parent=1466"}],"wp:term":[{"taxonomy":"category","embeddable":true,"href":"https:\/\/sorlasean.eus\/es\/wp-json\/wp\/v2\/categories?post=1466"},{"taxonomy":"post_tag","embeddable":true,"href":"https:\/\/sorlasean.eus\/es\/wp-json\/wp\/v2\/tags?post=1466"}],"curies":[{"name":"wp","href":"https:\/\/api.w.org\/{rel}","templated":true}]}}